{"id":18,"date":"2017-06-01T13:04:41","date_gmt":"2017-06-01T13:04:41","guid":{"rendered":"http:\/\/folkomrostning.nu\/?p=18"},"modified":"2017-06-08T13:05:13","modified_gmt":"2017-06-08T13:05:13","slug":"garderob-eller-byra","status":"publish","type":"post","link":"http:\/\/folkomrostning.nu\/?p=18","title":{"rendered":"Garderob eller byr\u00e5?"},"content":{"rendered":"<p>F\u00f6rvaringsutrymme \u00e4r inte n\u00e5got man t\u00e4nker p\u00e5 att man beh\u00f6ver, f\u00f6rr\u00e4n man beh\u00f6ver det, men d\u00e5 beh\u00f6ver man det \u00e5 andra sidan s\u00e5 \u00f6verv\u00e4ldigande mycket. Man tar f\u00f6rvaringsutrymmen f\u00f6r givna tror jag, tills man har mognat lite och f\u00e5tt lite livserfarenhet.<\/p>\n<p>N\u00e4r jag flyttade in i min lilla ungkarlslya d\u00e4r k\u00f6k och tambur \u00e4r samma rum och den enda f\u00f6rvaringsplatsen f\u00f6r kl\u00e4der var en lite skrubb s\u00e5 tr\u00e5ng att man inte ens kunde st\u00e5 i den utan fick gr\u00e4va bland sina kl\u00e4der med rumpan liksom utanf\u00f6r, ja d\u00e5 slog det mig inte ens att detta skulle kunna bli ett problem. Det var inte f\u00f6rr\u00e4n jag f\u00f6rs\u00f6kte plocka upp alla mina kl\u00e4der och skor som jag ins\u00e5g att detta aldrig skulle funka.<\/p>\n<h2>En stor m\u00f6bel i vardagsrummet &#8211; men vilken?<\/h2>\n<p>Som tur var har lyan ganska stora ytor i det som \u00e4r vardagsrummet, s\u00e5 nu t\u00e4nker jag l\u00e5ta en hel v\u00e4gg bli yta f\u00f6r f\u00f6rvaringsm\u00f6bler. Den stora fr\u00e5gan \u00e4r dock, ska jag satsa p\u00e5 en rej\u00e4l byr\u00e5, eller en fullskalig <a href=\"https:\/\/www.wegot.se\/garderob.html\">garderob<\/a>?<\/p>\n<p>Jag tycker n\u00e4stan att en <a href=\"https:\/\/www.wegot.se\/byra.html\">byr\u00e5<\/a> k\u00e4nns mer jag, f\u00f6r de flesta av mina kl\u00e4der \u00e4r s\u00e5dana som ska vikas och staplas. Dessutom s\u00e5 har jag ju min lilla skrubb ocks\u00e5, d\u00e4r jackor och n\u00e5gra enstaka skjortor kan h\u00e4nga. Alla tr\u00f6jor och byxor viker jag hellre. Det finns n\u00e5gra i min n\u00e4rhet som menar att en garderob \u00e4r b\u00e4ttre \u00e4nd\u00e5, f\u00f6r det t\u00e4cker hela v\u00e4ggen fr\u00e5n golv till tak, och d\u00e4rmed ger mer f\u00f6rvaringsutrymme\u2026 De har ju en po\u00e4ng helt klart\u2026<\/p>\n<p>Vad s\u00e4ger du?<\/p>\n","protected":false},"excerpt":{"rendered":"<p>F\u00f6rvaringsutrymme \u00e4r inte n\u00e5got man t\u00e4nker p\u00e5 att man beh\u00f6ver, f\u00f6rr\u00e4n man beh\u00f6ver det, men d\u00e5 beh\u00f6ver man det \u00e5 andra sidan s\u00e5 \u00f6verv\u00e4ldigande mycket. Man tar f\u00f6rvaringsutrymmen f\u00f6r givna tror jag,<a class=\"moretag\" href=\"http:\/\/folkomrostning.nu\/?p=18\">Read More&#8230;<\/a><\/p>\n","protected":false},"author":1,"featured_media":19,"comment_status":"closed","ping_status":"open","sticky":false,"template":"","format":"standard","meta":{"footnotes":""},"categories":[1],"tags":[],"_links":{"self":[{"href":"http:\/\/folkomrostning.nu\/index.php?rest_route=\/wp\/v2\/posts\/18"}],"collection":[{"href":"http:\/\/folkomrostning.nu\/index.php?rest_route=\/wp\/v2\/posts"}],"about":[{"href":"http:\/\/folkomrostning.nu\/index.php?rest_route=\/wp\/v2\/types\/post"}],"author":[{"embeddable":true,"href":"http:\/\/folkomrostning.nu\/index.php?rest_route=\/wp\/v2\/users\/1"}],"replies":[{"embeddable":true,"href":"http:\/\/folkomrostning.nu\/index.php?rest_route=%2Fwp%2Fv2%2Fcomments&post=18"}],"version-history":[{"count":1,"href":"http:\/\/folkomrostning.nu\/index.php?rest_route=\/wp\/v2\/posts\/18\/revisions"}],"predecessor-version":[{"id":20,"href":"http:\/\/folkomrostning.nu\/index.php?rest_route=\/wp\/v2\/posts\/18\/revisions\/20"}],"wp:featuredmedia":[{"embeddable":true,"href":"http:\/\/folkomrostning.nu\/index.php?rest_route=\/wp\/v2\/media\/19"}],"wp:attachment":[{"href":"http:\/\/folkomrostning.nu\/index.php?rest_route=%2Fwp%2Fv2%2Fmedia&parent=18"}],"wp:term":[{"taxonomy":"category","embeddable":true,"href":"http:\/\/folkomrostning.nu\/index.php?rest_route=%2Fwp%2Fv2%2Fcategories&post=18"},{"taxonomy":"post_tag","embeddable":true,"href":"http:\/\/folkomrostning.nu\/index.php?rest_route=%2Fwp%2Fv2%2Ftags&post=18"}],"curies":[{"name":"wp","href":"https:\/\/api.w.org\/{rel}","templated":true}]}}